{"id":57,"date":"2024-08-27T10:00:00","date_gmt":"2024-08-27T10:00:00","guid":{"rendered":"https:\/\/xn--festivaldecinepequeo-m7b.es\/bloodtoberfest\/?p=57"},"modified":"2025-02-12T10:58:40","modified_gmt":"2025-02-12T10:58:40","slug":"el-festival-internacional-de-cine-pequeno-de-aspe-lanza-el-i-bloodtober-fest-un-nuevo-evento-dedicado-al-cine-de-terror-fantastico-y-ciencia-ficcion","status":"publish","type":"post","link":"https:\/\/xn--festivaldecinepequeo-m7b.es\/bloodtoberfest\/2024\/08\/27\/el-festival-internacional-de-cine-pequeno-de-aspe-lanza-el-i-bloodtober-fest-un-nuevo-evento-dedicado-al-cine-de-terror-fantastico-y-ciencia-ficcion\/","title":{"rendered":"El Festival Internacional de Cine Peque\u00f1o de Aspe lanza el I Bloodtober Fest: un nuevo evento dedicado al cine de terror, fant\u00e1stico y ciencia ficci\u00f3n"},"content":{"rendered":"\n<p><strong>La organizaci\u00f3n del Festival Internacional de Cine Peque\u00f1o de Aspe anuncia el lanzamiento del I Bloodtober Fest, un nuevo festival dedicado a las pel\u00edculas de g\u00e9nero terror, fant\u00e1stico y ciencia ficci\u00f3n que se celebrar\u00e1 el pr\u00f3ximo mes de octubre.<\/strong><\/p>\n\n\n\n<p>Este nuevo evento forma parte de las actividades anuales del Festival Internacional de Cine Peque\u00f1o y busca consolidarse como un referente para los amantes del cine de g\u00e9nero.<\/p>\n\n\n\n<p>El Bloodtober Fest abri\u00f3 su convocatoria de recepci\u00f3n de obras el pasado 1 de septiembre, invitando a cineastas de todo el mundo a participar con sus cortometrajes y largometrajes. Las producciones deben pertenecer a los g\u00e9neros de terror, fant\u00e1stico o ciencia ficci\u00f3n, y haber sido realizadas a partir del 1 de enero de 2022. Los cortometrajes deben tener una duraci\u00f3n m\u00e1xima de 30 minutos, mientras que los largometrajes deben superar los 60 minutos.<\/p>\n\n\n\n<p>Como ocurre con el Festival de Cine Peque\u00f1o de verano, este nuevo evento tambi\u00e9n tiene car\u00e1cter internacional, lo que permitir\u00e1 que compitan pel\u00edculas de diversas partes del mundo, ofreciendo as\u00ed una muestra rica y diversa de las producciones m\u00e1s independientes del cine de g\u00e9nero.<\/p>\n\n\n\n<p>Seg\u00fan Juan Torres, director del Festival Internacional de Cine Peque\u00f1o y del I Bloodtober Fest, \u201cla idea naci\u00f3 de la necesidad de atraer pel\u00edculas de dif\u00edcil distribuci\u00f3n en salas comerciales. Aunque estamos acostumbrados a ver pel\u00edculas de terror en cartelera todas las semanas, muchas producciones independientes quedan relegadas por falta de presupuesto o apoyo de la industria.<\/p>\n\n\n\n<p>Creemos que este festival es una oportunidad para enriquecer la programaci\u00f3n cinematogr\u00e1fica, no solo de nuestra localidad sino de toda la provincia, mostrando pel\u00edculas que de otra manera no llegar\u00edan a un p\u00fablico m\u00e1s amplio\u201d.<\/p>\n\n\n\n<p>El Bloodtober Fest se celebrar\u00e1 del 28 al 31 de octubre, coincidiendo con la semana de la festividad de Todos los Santos (Halloween), una fecha ideal para disfrutar del mejor cine de terror. Durante el evento, se proyectar\u00e1n tanto largometrajes como cortometrajes, abarcando diferentes formatos: ficci\u00f3n, animaci\u00f3n y documental, lo que permitir\u00e1 a los asistentes disfrutar de una amplia variedad de estilos y narrativas.<\/p>\n\n\n\n<p>El festival se desarrollar\u00e1 en el Auditorio Periodista \u00c1ngel Mar\u00eda Boronat, ubicado en el Centro Cultural del Barrio de la Coca (C\/ Alicante, 27), un espacio que se convertir\u00e1 en el escenario perfecto para la celebraci\u00f3n de este evento tan especial.<\/p>\n\n\n\n<p>Con esta nueva iniciativa, el Festival Internacional de Cine Peque\u00f1o de Aspe reafirma su compromiso con la cultura cinematogr\u00e1fica y su apoyo a los realizadores independientes, al tiempo que ofrece al p\u00fablico la oportunidad de descubrir pel\u00edculas \u00fanicas.<\/p>\n\n\n\n<p>Para m\u00e1s informaci\u00f3n sobre el I Bloodtober Fest y las bases de participaci\u00f3n, se puede consultar la p\u00e1gina web oficial www.festivaldecinepeque\u00f1o.es\/bloodtoberfest o a trav\u00e9s del correo bloodtoberfest@aspe.es.<\/p>\n","protected":false},"excerpt":{"rendered":"<p> [&hellip;]<\/p>\n","protected":false},"author":1,"featured_media":58,"comment_status":"closed","ping_status":"open","sticky":false,"template":"","format":"standard","meta":{"footnotes":""},"categories":[1],"tags":[5,6,7],"class_list":["post-57","post","type-post","status-publish","format-standard","has-post-thumbnail","hentry","category-noticias","tag-bloodtober-fest","tag-festival-cine-terror-espana","tag-festival-de-cine-de-terror"],"_links":{"self":[{"href":"https:\/\/xn--festivaldecinepequeo-m7b.es\/bloodtoberfest\/wp-json\/wp\/v2\/posts\/57","targetHints":{"allow":["GET"]}}],"collection":[{"href":"https:\/\/xn--festivaldecinepequeo-m7b.es\/bloodtoberfest\/wp-json\/wp\/v2\/posts"}],"about":[{"href":"https:\/\/xn--festivaldecinepequeo-m7b.es\/bloodtoberfest\/wp-json\/wp\/v2\/types\/post"}],"author":[{"embeddable":true,"href":"https:\/\/xn--festivaldecinepequeo-m7b.es\/bloodtoberfest\/wp-json\/wp\/v2\/users\/1"}],"replies":[{"embeddable":true,"href":"https:\/\/xn--festivaldecinepequeo-m7b.es\/bloodtoberfest\/wp-json\/wp\/v2\/comments?post=57"}],"version-history":[{"count":3,"href":"https:\/\/xn--festivaldecinepequeo-m7b.es\/bloodtoberfest\/wp-json\/wp\/v2\/posts\/57\/revisions"}],"predecessor-version":[{"id":276,"href":"https:\/\/xn--festivaldecinepequeo-m7b.es\/bloodtoberfest\/wp-json\/wp\/v2\/posts\/57\/revisions\/276"}],"wp:featuredmedia":[{"embeddable":true,"href":"https:\/\/xn--festivaldecinepequeo-m7b.es\/bloodtoberfest\/wp-json\/wp\/v2\/media\/58"}],"wp:attachment":[{"href":"https:\/\/xn--festivaldecinepequeo-m7b.es\/bloodtoberfest\/wp-json\/wp\/v2\/media?parent=57"}],"wp:term":[{"taxonomy":"category","embeddable":true,"href":"https:\/\/xn--festivaldecinepequeo-m7b.es\/bloodtoberfest\/wp-json\/wp\/v2\/categories?post=57"},{"taxonomy":"post_tag","embeddable":true,"href":"https:\/\/xn--festivaldecinepequeo-m7b.es\/bloodtoberfest\/wp-json\/wp\/v2\/tags?post=57"}],"curies":[{"name":"wp","href":"https:\/\/api.w.org\/{rel}","templated":true}]}}